{"id":137,"date":"2021-02-22T23:42:35","date_gmt":"2021-02-22T22:42:35","guid":{"rendered":"http:\/\/welift.fr\/?p=137"},"modified":"2021-02-22T23:42:36","modified_gmt":"2021-02-22T22:42:36","slug":"liftwerk-gmbh","status":"publish","type":"post","link":"https:\/\/welift.fr\/?p=137","title":{"rendered":"Liftwerk GmbH"},"content":{"rendered":"\n<figure class=\"wp-block-image size-large\"><img loading=\"lazy\" width=\"160\" height=\"87\" src=\"http:\/\/welift.fr\/wp-content\/uploads\/2021\/02\/liftwerk-welift.png\" alt=\"\" class=\"wp-image-138\"\/><\/figure>\n\n\n\n<p>Les \u00e9l\u00e9vateurs verticaux Liftwerk (anciennement Herkules) sont fabriqu\u00e9s en Allemagne non loin de la ville de Kassel (centre de l&#8217;Allemagne). Nous travaillons avec cette marque depuis de nombreuses ann\u00e9es en raison de la fiabilit\u00e9 et de la finition en acier inoxydable de la gamme MB.<\/p>\n\n\n\n<div class=\"schema-how-to wp-block-yoast-how-to-block\"><p class=\"schema-how-to-description\">Points forts de la gamme <\/p> <ol class=\"schema-how-to-steps\"><li class=\"schema-how-to-step\"><strong class=\"schema-how-to-step-name\">Fiable et esth\u00e9tique<\/strong> <p class=\"schema-how-to-step-text\">De conception robuste et harmonieuse en acier inoxydable pour permettre une installation int\u00e9rieure ou ext\u00e9rieure <\/p> <\/li><li class=\"schema-how-to-step\"><strong class=\"schema-how-to-step-name\">Compact et flexible<\/strong> <p class=\"schema-how-to-step-text\">La flexibilit\u00e9 de la gamme permet de r\u00e9pondre aux franchissements verticaux de 0 \u00e0 1700 mm, tout en minimisant l&#8217;encombrement au sol.<\/p> <\/li><li class=\"schema-how-to-step\"><strong class=\"schema-how-to-step-name\">Pour les particuliers et les ERP<\/strong> <p class=\"schema-how-to-step-text\">La gamme permet de couvrir l&#8217;ensemble des demandes de mises en conformit\u00e9 des ERP pour les hauteurs \u00e0 franchir comprises entre 0 et 1200 mm<br\/>Pour les installations privatives les normes permettent l&#8217;installaiton de toute la gamme MB <\/p> <\/li><li class=\"schema-how-to-step\"><strong class=\"schema-how-to-step-name\">Installation rapide<\/strong> <p class=\"schema-how-to-step-text\">L&#8217;installation des produits Liftwerk ne n\u00e9cessitent que tr\u00e8s peu de travaux pr\u00e9paratoires et 1 seule journ\u00e9e de travail lors de la pose.<\/p> <\/li><\/ol><\/div>\n\n\n\n<p><\/p>\n","protected":false},"excerpt":{"rendered":"<p>Les \u00e9l\u00e9vateurs verticaux Liftwerk (anciennement Herkules) sont fabriqu\u00e9s en Allemagne non loin de la ville de Kassel (centre de l&#8217;Allemagne). Nous travaillons avec cette marque depuis de nombreuses ann\u00e9es en raison de la fiabilit\u00e9 et de la finition en acier inoxydable de la gamme MB.<\/p>\n","protected":false},"author":1,"featured_media":0,"comment_status":"open","ping_status":"open","sticky":false,"template":"","format":"standard","meta":[],"categories":[1],"tags":[],"_links":{"self":[{"href":"https:\/\/welift.fr\/index.php?rest_route=\/wp\/v2\/posts\/137"}],"collection":[{"href":"https:\/\/welift.fr\/index.php?rest_route=\/wp\/v2\/posts"}],"about":[{"href":"https:\/\/welift.fr\/index.php?rest_route=\/wp\/v2\/types\/post"}],"author":[{"embeddable":true,"href":"https:\/\/welift.fr\/index.php?rest_route=\/wp\/v2\/users\/1"}],"replies":[{"embeddable":true,"href":"https:\/\/welift.fr\/index.php?rest_route=%2Fwp%2Fv2%2Fcomments&post=137"}],"version-history":[{"count":2,"href":"https:\/\/welift.fr\/index.php?rest_route=\/wp\/v2\/posts\/137\/revisions"}],"predecessor-version":[{"id":140,"href":"https:\/\/welift.fr\/index.php?rest_route=\/wp\/v2\/posts\/137\/revisions\/140"}],"wp:attachment":[{"href":"https:\/\/welift.fr\/index.php?rest_route=%2Fwp%2Fv2%2Fmedia&parent=137"}],"wp:term":[{"taxonomy":"category","embeddable":true,"href":"https:\/\/welift.fr\/index.php?rest_route=%2Fwp%2Fv2%2Fcategories&post=137"},{"taxonomy":"post_tag","embeddable":true,"href":"https:\/\/welift.fr\/index.php?rest_route=%2Fwp%2Fv2%2Ftags&post=137"}],"curies":[{"name":"wp","href":"https:\/\/api.w.org\/{rel}","templated":true}]}}